{"id":165,"date":"2025-09-09T12:47:51","date_gmt":"2025-09-09T10:47:51","guid":{"rendered":"https:\/\/biscarrosse-production.com\/Film\/?p=165"},"modified":"2025-09-09T12:47:51","modified_gmt":"2025-09-09T10:47:51","slug":"merci-a-tous-pour-ce-beau-week-end-aux-fetes-de-la-plage","status":"publish","type":"post","link":"https:\/\/biscarrosse-production.com\/Film\/index.php\/2025\/09\/09\/merci-a-tous-pour-ce-beau-week-end-aux-fetes-de-la-plage\/","title":{"rendered":"Merci \u00e0 tous pour ce beau week-end aux f\u00eates de la plage !"},"content":{"rendered":"\n<figure class=\"wp-block-embed is-type-video is-provider-youtube wp-block-embed-youtube wp-embed-aspect-16-9 wp-has-aspect-ratio\"><div class=\"wp-block-embed__wrapper\">\n<iframe loading=\"lazy\" title=\"F\u00eates de la plage - Biscarrosse 2025\" width=\"720\" height=\"405\" src=\"https:\/\/www.youtube.com\/embed\/anB2eQ13iRs?feature=oembed\" frameborder=\"0\" allow=\"accelerometer; autoplay; clipboard-write; encrypted-media; gyroscope; picture-in-picture; web-share\" referrerpolicy=\"strict-origin-when-cross-origin\" allowfullscreen><\/iframe>\n<\/div><\/figure>\n\n\n\n<p>Ce week-end, nous avons eu la chance de participer aux f\u00eates de la plage de Biscarrosse, avec un stand enti\u00e8rement consacr\u00e9 \u00e0 notre projet de film <em>Biscarrosse au fil du temps<\/em>.<br>Pendant deux jours, vous avez \u00e9t\u00e9 tr\u00e8s nombreux \u00e0 venir nous rencontrer, discuter, \u00e9changer et partager vos souvenirs autour de l\u2019histoire de notre ville.<\/p>\n\n\n\n<p>Au centre du stand tr\u00f4nait une immense photographie panoramique de <strong>Biscarrosse en 1961<\/strong>, longue de 5 m\u00e8tres, qui a attir\u00e9 tous les regards. \u00c0 ses c\u00f4t\u00e9s, une s\u00e9lection de cartes postales anciennes a \u00e9galement permis \u00e0 chacun de voyager dans le temps, de retrouver des lieux connus\u2026 ou de d\u00e9couvrir des visages oubli\u00e9s.<\/p>\n\n\n\n<p>Nous avons \u00e9t\u00e9 particuli\u00e8rement touch\u00e9s par vos r\u00e9actions. Beaucoup d\u2019entre vous avaient d\u00e9j\u00e0 entendu parler du projet, certains avaient m\u00eame vu le teaser. D\u2019autres nous ont d\u00e9couverts \u00e0 cette occasion. Mais tous, que vous soyez natifs de Biscarrosse, nouveaux arrivants, vacanciers fid\u00e8les ou simples visiteurs de passage, vous avez exprim\u00e9 un int\u00e9r\u00eat commun : <strong>mieux comprendre le lieu o\u00f9 vous vous trouvez, et faire vivre sa m\u00e9moire collective.<\/strong><\/p>\n\n\n\n<p>Ces \u00e9changes nous ont rappel\u00e9 pourquoi nous faisons ce film : pour raconter une histoire \u00e0 la fois locale et universelle, celle d\u2019un territoire en constante \u00e9volution, \u00e0 travers les regards crois\u00e9s du pass\u00e9 et du pr\u00e9sent.<\/p>\n\n\n\n<p>Alors, un tr\u00e8s grand merci \u00e0 toutes celles et ceux qui ont pris le temps de s\u2019arr\u00eater, de poser des questions, de nous encourager et de partager leurs propres souvenirs. Votre enthousiasme et vos sourires nous portent et nous donnent encore plus d\u2019\u00e9nergie pour mener \u00e0 bien ce projet ambitieux.<\/p>\n\n\n\n<p>L\u2019aventure continue, et nous avons h\u00e2te de vous retrouver tr\u00e8s bient\u00f4t pour la suite !<br>\ud83d\udc49 En attendant, voici une petite vid\u00e9o tourn\u00e9e sur le stand pour revivre l\u2019ambiance de ces deux journ\u00e9es.<\/p>\n\n\n\n<p>\u00c0 tr\u00e8s vite,<br><strong>Toute l\u2019\u00e9quipe de <em>Biscarrosse au fil du temps<\/em><\/strong><\/p>\n\n\n\n<p><\/p>\n","protected":false},"excerpt":{"rendered":"<p>Ce week-end, nous avons eu la chance de participer aux f\u00eates de la plage de Biscarrosse, avec un stand enti\u00e8rement consacr\u00e9 \u00e0 notre projet de film Biscarrosse au fil du temps.Pendant deux jours, vous avez \u00e9t\u00e9 tr\u00e8s nombreux \u00e0 venir nous rencontrer, discuter, \u00e9changer et partager vos souvenirs autour de l\u2019histoire de notre ville. Au&#8230;<\/p>\n","protected":false},"author":1,"featured_media":166,"comment_status":"open","ping_status":"","sticky":false,"template":"","format":"standard","meta":{"_kad_post_transparent":"","_kad_post_title":"","_kad_post_layout":"","_kad_post_sidebar_id":"","_kad_post_content_style":"","_kad_post_vertical_padding":"","_kad_post_feature":"","_kad_post_feature_position":"","_kad_post_header":false,"_kad_post_footer":false,"footnotes":""},"categories":[17],"tags":[],"class_list":["post-165","post","type-post","status-publish","format-standard","has-post-thumbnail","hentry","category-evenement"],"_links":{"self":[{"href":"https:\/\/biscarrosse-production.com\/Film\/index.php\/wp-json\/wp\/v2\/posts\/165","targetHints":{"allow":["GET"]}}],"collection":[{"href":"https:\/\/biscarrosse-production.com\/Film\/index.php\/wp-json\/wp\/v2\/posts"}],"about":[{"href":"https:\/\/biscarrosse-production.com\/Film\/index.php\/wp-json\/wp\/v2\/types\/post"}],"author":[{"embeddable":true,"href":"https:\/\/biscarrosse-production.com\/Film\/index.php\/wp-json\/wp\/v2\/users\/1"}],"replies":[{"embeddable":true,"href":"https:\/\/biscarrosse-production.com\/Film\/index.php\/wp-json\/wp\/v2\/comments?post=165"}],"version-history":[{"count":1,"href":"https:\/\/biscarrosse-production.com\/Film\/index.php\/wp-json\/wp\/v2\/posts\/165\/revisions"}],"predecessor-version":[{"id":167,"href":"https:\/\/biscarrosse-production.com\/Film\/index.php\/wp-json\/wp\/v2\/posts\/165\/revisions\/167"}],"wp:featuredmedia":[{"embeddable":true,"href":"https:\/\/biscarrosse-production.com\/Film\/index.php\/wp-json\/wp\/v2\/media\/166"}],"wp:attachment":[{"href":"https:\/\/biscarrosse-production.com\/Film\/index.php\/wp-json\/wp\/v2\/media?parent=165"}],"wp:term":[{"taxonomy":"category","embeddable":true,"href":"https:\/\/biscarrosse-production.com\/Film\/index.php\/wp-json\/wp\/v2\/categories?post=165"},{"taxonomy":"post_tag","embeddable":true,"href":"https:\/\/biscarrosse-production.com\/Film\/index.php\/wp-json\/wp\/v2\/tags?post=165"}],"curies":[{"name":"wp","href":"https:\/\/api.w.org\/{rel}","templated":true}]}}